{"id":29337,"date":"2021-12-13T20:10:49","date_gmt":"2021-12-13T19:10:49","guid":{"rendered":"https:\/\/skiflainemoniteurs.com\/reservations-sejours-et-location-de-vacances-les-carroz-flaine-en-haute-savoie\/"},"modified":"2021-12-13T20:10:49","modified_gmt":"2021-12-13T19:10:49","slug":"reservations-sejours-et-location-de-vacances-les-carroz-flaine-en-haute-savoie","status":"publish","type":"post","link":"https:\/\/skiflainemoniteurs.com\/en\/reservations-sejours-et-location-de-vacances-les-carroz-flaine-en-haute-savoie\/","title":{"rendered":"r\u00e9servations s\u00e9jours et location de vacances les Carroz, Flaine en Haute-Savoie"},"content":{"rendered":"<p><img decoding=\"async\" src=\"\"><\/p>\n<h2>GRAND MASSIF R\u00c9SA<\/h2>\n<p>Grand Massif resa n\u2019est pas uniquement un site de location de vacances au ski et \u00e0 la montagne.<br \/>Ancr\u00e9 depuis plus de 50 ans sur le Grand Massif entre Gen\u00e8ve et Chamonix, nos \u00e9quipes vivent aux Carroz et \u00e0 Flaine\u00a0pour \u00eatre de v\u00e9ritables guides dans l\u2019organisation de votre s\u00e9jour \u00e0 la montagne hiver comme \u00e9t\u00e9.<\/p>\n<p>A la diff\u00e9rence des centrales de r\u00e9servation, votre interlocuteur connait chaque appartement ou chalet propos\u00e9 \u00e0 la location\u00a0pour vous apporter des conseils de valeur et organiser pour vous un s\u00e9jour personnalis\u00e9 adapt\u00e9 \u00e0 vos attentes.<\/p>\n<p>Grand Massif R\u00e9sa met \u00e0 votre disposition plus de 350 h\u00e9bergements \u00e0 seulement 20min de la sortie d\u2019autoroute:\u00a0de l\u2019appartement pied de pistes au chalet 12 personnes.\u00a0<\/p>\n<p>Grand Massif R\u00e9sa est une marque de l\u2019agence Renand.<\/p>\n<p>     LEARN MORE<br \/>\n<br \/> <a href=\"https:\/\/www.grandmassif-resa.com\/fr\/\" target=\"_blank\" rel=\"noopener\">Source<\/a><\/p>","protected":false},"excerpt":{"rendered":"<p>GRAND MASSIF R\u00c9SA Grand Massif resa n\u2019est pas uniquement un site de location de vacances au ski et \u00e0 la montagne.Ancr\u00e9 depuis plus de 50 ans sur le Grand Massif entre Gen\u00e8ve et Chamonix, nos \u00e9quipes vivent aux Carroz et \u00e0 Flaine\u00a0pour \u00eatre de v\u00e9ritables guides dans l\u2019organisation de votre s\u00e9jour \u00e0 la montagne hiver\u2026<\/p>","protected":false},"author":1,"featured_media":0,"comment_status":"open","ping_status":"open","sticky":false,"template":"","format":"standard","meta":{"_et_pb_use_builder":"","_et_pb_old_content":"","_et_gb_content_width":"","_uf_show_specific_survey":0,"_uf_disable_surveys":false,"footnotes":""},"categories":[1],"tags":[],"class_list":["post-29337","post","type-post","status-publish","format-standard","hentry","category-flaine-news"],"aioseo_notices":[],"_links":{"self":[{"href":"https:\/\/skiflainemoniteurs.com\/en\/wp-json\/wp\/v2\/posts\/29337","targetHints":{"allow":["GET"]}}],"collection":[{"href":"https:\/\/skiflainemoniteurs.com\/en\/wp-json\/wp\/v2\/posts"}],"about":[{"href":"https:\/\/skiflainemoniteurs.com\/en\/wp-json\/wp\/v2\/types\/post"}],"author":[{"embeddable":true,"href":"https:\/\/skiflainemoniteurs.com\/en\/wp-json\/wp\/v2\/users\/1"}],"replies":[{"embeddable":true,"href":"https:\/\/skiflainemoniteurs.com\/en\/wp-json\/wp\/v2\/comments?post=29337"}],"version-history":[{"count":0,"href":"https:\/\/skiflainemoniteurs.com\/en\/wp-json\/wp\/v2\/posts\/29337\/revisions"}],"wp:attachment":[{"href":"https:\/\/skiflainemoniteurs.com\/en\/wp-json\/wp\/v2\/media?parent=29337"}],"wp:term":[{"taxonomy":"category","embeddable":true,"href":"https:\/\/skiflainemoniteurs.com\/en\/wp-json\/wp\/v2\/categories?post=29337"},{"taxonomy":"post_tag","embeddable":true,"href":"https:\/\/skiflainemoniteurs.com\/en\/wp-json\/wp\/v2\/tags?post=29337"}],"curies":[{"name":"wp","href":"https:\/\/api.w.org\/{rel}","templated":true}]}}